{"id":2597,"date":"2023-03-30T10:35:57","date_gmt":"2023-03-30T08:35:57","guid":{"rendered":"https:\/\/www.brusano.brussels\/le-focus-dedie-a-la-fin-de-vie-et-aux-soins-palliatifs-est-a-jour\/"},"modified":"2023-05-19T14:29:19","modified_gmt":"2023-05-19T12:29:19","slug":"focus-palliatieve-zorg-en-levenseinde-is-up-to-date","status":"publish","type":"post","link":"https:\/\/www.brusano.brussels\/nl\/focus-palliatieve-zorg-en-levenseinde-is-up-to-date\/","title":{"rendered":"Focus palliatieve zorg en levenseinde is up to date!"},"content":{"rendered":"<h3>(Re)-d\u00e9couvrez\u00a0<a href=\"https:\/\/www.brusano.brussels\/focus01f-finvie\/\">le Focus\u00a0<i>Soins palliatifs et fin de vie<\/i><\/a>,<\/h3>\n<h3>un guide pratique sur les aides et soutiens existants en r\u00e9gion bruxelloise<\/h3>\n<p>Ce dossier d\u2019information s\u2019adresse aux professionnels de la sant\u00e9 bruxellois qui accompagnent des personnes en fin de vie.<\/p>\n<p>Il vise \u00e0 fournir\u00a0<strong>une information objective et concr\u00e8te sur les aides et soutiens existants dans notre syst\u00e8me de sant\u00e9<\/strong>.<\/p>\n<p>En r\u00e9unissant les \u00e9l\u00e9ments l\u00e9gislatifs et sur l\u2019organisation des soins, il doit permettre aux professionnels de trouver toute l\u2019information pratique dont ils ont besoin pour accompagner les personnes en fin de vie ainsi que leur entourage.<\/p>\n<p>Le\u00a0<a href=\"https:\/\/www.brusano.brussels\/re03f_findevie\/\">r\u00e9pertoire sp\u00e9cifique aux soins palliatifs et \u00e0 la fin de vie<\/a>\u00a0recense quant \u00e0 lui, les prestataires actifs en r\u00e9gion bruxelloise et \u00e0 proximit\u00e9 du lieu de vie du patient.<\/p>\n","protected":false},"excerpt":{"rendered":"<p>(Re)-d\u00e9couvrez\u00a0le Focus\u00a0Soins palliatifs et fin de vie, un guide pratique sur les aides et soutiens existants en r\u00e9gion bruxelloise Ce dossier d\u2019information s\u2019adresse aux professionnels de la sant\u00e9 bruxellois qui accompagnent des personnes en fin de vie. Il vise \u00e0 fournir\u00a0une information objective et concr\u00e8te sur les aides et soutiens existants dans notre syst\u00e8me de&#8230; <a class=\"view-article\" href=\"https:\/\/www.brusano.brussels\/nl\/focus-palliatieve-zorg-en-levenseinde-is-up-to-date\/\">View Article<\/a><\/p>\n","protected":false},"author":3,"featured_media":0,"comment_status":"closed","ping_status":"closed","sticky":false,"template":"","format":"standard","meta":{"_acf_changed":false,"footnotes":""},"tags":[],"actu":[18,132],"maincat":[125],"class_list":["post-2597","post","type-post","status-publish","format-standard","hentry","actu-fin-de-vie","actu-focus-repertoires","maincat-diensten"],"acf":[],"_links":{"self":[{"href":"https:\/\/www.brusano.brussels\/nl\/wp-json\/wp\/v2\/posts\/2597","targetHints":{"allow":["GET"]}}],"collection":[{"href":"https:\/\/www.brusano.brussels\/nl\/wp-json\/wp\/v2\/posts"}],"about":[{"href":"https:\/\/www.brusano.brussels\/nl\/wp-json\/wp\/v2\/types\/post"}],"author":[{"embeddable":true,"href":"https:\/\/www.brusano.brussels\/nl\/wp-json\/wp\/v2\/users\/3"}],"replies":[{"embeddable":true,"href":"https:\/\/www.brusano.brussels\/nl\/wp-json\/wp\/v2\/comments?post=2597"}],"version-history":[{"count":3,"href":"https:\/\/www.brusano.brussels\/nl\/wp-json\/wp\/v2\/posts\/2597\/revisions"}],"predecessor-version":[{"id":4004,"href":"https:\/\/www.brusano.brussels\/nl\/wp-json\/wp\/v2\/posts\/2597\/revisions\/4004"}],"wp:attachment":[{"href":"https:\/\/www.brusano.brussels\/nl\/wp-json\/wp\/v2\/media?parent=2597"}],"wp:term":[{"taxonomy":"post_tag","embeddable":true,"href":"https:\/\/www.brusano.brussels\/nl\/wp-json\/wp\/v2\/tags?post=2597"},{"taxonomy":"actu","embeddable":true,"href":"https:\/\/www.brusano.brussels\/nl\/wp-json\/wp\/v2\/actu?post=2597"},{"taxonomy":"maincat","embeddable":true,"href":"https:\/\/www.brusano.brussels\/nl\/wp-json\/wp\/v2\/maincat?post=2597"}],"curies":[{"name":"wp","href":"https:\/\/api.w.org\/{rel}","templated":true}]}}