{"id":2596,"date":"2023-03-30T10:37:34","date_gmt":"2023-03-30T08:37:34","guid":{"rendered":"https:\/\/www.brusano.brussels\/festival-des-rencontres-faire-ses-propres-choix-votre-sante-et-votre-bien-etre\/"},"modified":"2023-05-19T13:57:56","modified_gmt":"2023-05-19T11:57:56","slug":"ontmoetingsfestival-zelf-keuzes-maken-jouw-gezondheid-en-jouw-welzijn","status":"publish","type":"post","link":"https:\/\/www.brusano.brussels\/nl\/ontmoetingsfestival-zelf-keuzes-maken-jouw-gezondheid-en-jouw-welzijn\/","title":{"rendered":"Ontmoetingsfestival \u2018Zelf keuzes maken: jouw gezondheid en jouw welzijn\u2019"},"content":{"rendered":"<p><span data-contrast=\"auto\">Le 17 mai 2022, nous organisons, en collaboration avec\u00a0<a href=\"https:\/\/www.huisvoorgezondheid.be\/bruzel\/\">BruZEL<\/a>\u00a0un festival des rencontres bilingue \u00e0 destination des\u00a0citoyens, des professionnels de sant\u00e9\/social et des acteurs politiques.<\/span><\/p>\n<h3>\u00ab Faire ses propres choix : votre sant\u00e9 et votre bien-\u00eatre \u00bb<\/h3>\n<p>L\u2019objectif :\u00a0<strong>mettre l\u2019autonomie au centre des actions \u00e0 travers 5 th\u00e8mes transversaux : le corps et l\u2019esprit, les finances, l\u2019habitation, la s\u00e9curit\u00e9 et les soutiens sp\u00e9cifiques.<\/strong><\/p>\n<p>&nbsp;<\/p>\n<p>Les th\u00e9matiques se d\u00e9clineront en une s\u00e9rie d\u2019ateliers plus sp\u00e9cifiques notamment sur\u00a0 l\u2019alimentation saine, bouger au quotidien, le fonctionnement du CPAS ou la gestion de son budget.<\/p>\n<p>Au cours de cet \u00e9v\u00e9nement, les personnes n\u00e9cessitant des soins et\/ou un accompagnement sp\u00e9cifique, leurs aidants et les volontaires disposeront d\u2019un forum afin de permettre d\u2019\u00e9changer leurs exp\u00e9riences et discuter avec des personnes de tout horizon.<\/p>\n<p>Une attention particuli\u00e8re sera port\u00e9e sur les\u00a0 exp\u00e9riences des citoyens bruxellois en situation de vuln\u00e9rabilit\u00e9 afin de partager leur v\u00e9cus et briser l\u2019isolement.<\/p>\n<p>Les ateliers et les stands propos\u00e9s par les associations bruxelloises se feront en petit nombre afin de faciliter les liens entre les citoyens, les professionnels de sant\u00e9 et du social soins et les acteurs politiques.<\/p>\n<p>Nous souhaitons que cette journ\u00e9e soit avant tout la v\u00f4tre et veillerons \u00e0 ce que les \u00e9changes se fassent dans un climat agr\u00e9able et dans le respect mutuel qui favorisent le partage.<\/p>\n<p>&nbsp;<\/p>\n<p>&nbsp;<\/p>\n<p>&nbsp;<\/p>\n","protected":false},"excerpt":{"rendered":"<p>Le 17 mai 2022, nous organisons, en collaboration avec\u00a0BruZEL\u00a0un festival des rencontres bilingue \u00e0 destination des\u00a0citoyens, des professionnels de sant\u00e9\/social et des acteurs politiques. \u00ab Faire ses propres choix : votre sant\u00e9 et votre bien-\u00eatre \u00bb L\u2019objectif :\u00a0mettre l\u2019autonomie au centre des actions \u00e0 travers 5 th\u00e8mes transversaux : le corps et l\u2019esprit, les finances,&#8230; <a class=\"view-article\" href=\"https:\/\/www.brusano.brussels\/nl\/ontmoetingsfestival-zelf-keuzes-maken-jouw-gezondheid-en-jouw-welzijn\/\">View Article<\/a><\/p>\n","protected":false},"author":3,"featured_media":0,"comment_status":"closed","ping_status":"closed","sticky":false,"template":"","format":"standard","meta":{"_acf_changed":false,"footnotes":""},"tags":[],"actu":[93],"maincat":[128],"class_list":["post-2596","post","type-post","status-publish","format-standard","hentry","actu-agenda","maincat-ontmoetingen"],"acf":[],"_links":{"self":[{"href":"https:\/\/www.brusano.brussels\/nl\/wp-json\/wp\/v2\/posts\/2596","targetHints":{"allow":["GET"]}}],"collection":[{"href":"https:\/\/www.brusano.brussels\/nl\/wp-json\/wp\/v2\/posts"}],"about":[{"href":"https:\/\/www.brusano.brussels\/nl\/wp-json\/wp\/v2\/types\/post"}],"author":[{"embeddable":true,"href":"https:\/\/www.brusano.brussels\/nl\/wp-json\/wp\/v2\/users\/3"}],"replies":[{"embeddable":true,"href":"https:\/\/www.brusano.brussels\/nl\/wp-json\/wp\/v2\/comments?post=2596"}],"version-history":[{"count":4,"href":"https:\/\/www.brusano.brussels\/nl\/wp-json\/wp\/v2\/posts\/2596\/revisions"}],"predecessor-version":[{"id":4008,"href":"https:\/\/www.brusano.brussels\/nl\/wp-json\/wp\/v2\/posts\/2596\/revisions\/4008"}],"wp:attachment":[{"href":"https:\/\/www.brusano.brussels\/nl\/wp-json\/wp\/v2\/media?parent=2596"}],"wp:term":[{"taxonomy":"post_tag","embeddable":true,"href":"https:\/\/www.brusano.brussels\/nl\/wp-json\/wp\/v2\/tags?post=2596"},{"taxonomy":"actu","embeddable":true,"href":"https:\/\/www.brusano.brussels\/nl\/wp-json\/wp\/v2\/actu?post=2596"},{"taxonomy":"maincat","embeddable":true,"href":"https:\/\/www.brusano.brussels\/nl\/wp-json\/wp\/v2\/maincat?post=2596"}],"curies":[{"name":"wp","href":"https:\/\/api.w.org\/{rel}","templated":true}]}}