{"id":2567,"date":"2023-03-30T15:17:52","date_gmt":"2023-03-30T13:17:52","guid":{"rendered":"https:\/\/www.brusano.brussels\/boost-assemblee-pleniere\/"},"modified":"2023-05-19T14:52:16","modified_gmt":"2023-05-19T12:52:16","slug":"boost-plenaire-vergadering","status":"publish","type":"post","link":"https:\/\/www.brusano.brussels\/nl\/boost-plenaire-vergadering\/","title":{"rendered":"BOOST \u2013 Plenaire vergadering"},"content":{"rendered":"<h2 class=\"fl-post-title\"><a title=\"BOOST \u2013 Assembl\u00e9e Pl\u00e9ni\u00e8re\" href=\"https:\/\/www.brusano.brussels\/2021\/05\/26\/boost-assemblee-pleniere\/\">BOOST \u2013 Assembl\u00e9e Pl\u00e9ni\u00e8re<\/a>Vous \u00eates membres du consortium de BOOST ou vous travaillez pour une organisation partenaire ? Assistez \u00e0 l\u2019Assembl\u00e9e Pl\u00e9ni\u00e8re du projet BOOST. POUR QUI? \u00c0 destination de tous les membres du consortium. QUAND? 26\/05 OU?\u2026<\/h2>\n","protected":false},"excerpt":{"rendered":"<p>BOOST \u2013 Assembl\u00e9e Pl\u00e9ni\u00e8reVous \u00eates membres du consortium de BOOST ou vous travaillez pour une organisation partenaire ? Assistez \u00e0 l\u2019Assembl\u00e9e Pl\u00e9ni\u00e8re du projet BOOST. POUR QUI? \u00c0 destination de tous les membres du consortium. QUAND? 26\/05 OU?\u2026<\/p>\n","protected":false},"author":3,"featured_media":0,"comment_status":"closed","ping_status":"closed","sticky":false,"template":"","format":"standard","meta":{"_acf_changed":false,"footnotes":""},"tags":[],"actu":[38],"maincat":[169],"class_list":["post-2567","post","type-post","status-publish","format-standard","hentry","actu-integreo-boost","maincat-brusano-nl"],"acf":[],"_links":{"self":[{"href":"https:\/\/www.brusano.brussels\/nl\/wp-json\/wp\/v2\/posts\/2567","targetHints":{"allow":["GET"]}}],"collection":[{"href":"https:\/\/www.brusano.brussels\/nl\/wp-json\/wp\/v2\/posts"}],"about":[{"href":"https:\/\/www.brusano.brussels\/nl\/wp-json\/wp\/v2\/types\/post"}],"author":[{"embeddable":true,"href":"https:\/\/www.brusano.brussels\/nl\/wp-json\/wp\/v2\/users\/3"}],"replies":[{"embeddable":true,"href":"https:\/\/www.brusano.brussels\/nl\/wp-json\/wp\/v2\/comments?post=2567"}],"version-history":[{"count":3,"href":"https:\/\/www.brusano.brussels\/nl\/wp-json\/wp\/v2\/posts\/2567\/revisions"}],"predecessor-version":[{"id":4088,"href":"https:\/\/www.brusano.brussels\/nl\/wp-json\/wp\/v2\/posts\/2567\/revisions\/4088"}],"wp:attachment":[{"href":"https:\/\/www.brusano.brussels\/nl\/wp-json\/wp\/v2\/media?parent=2567"}],"wp:term":[{"taxonomy":"post_tag","embeddable":true,"href":"https:\/\/www.brusano.brussels\/nl\/wp-json\/wp\/v2\/tags?post=2567"},{"taxonomy":"actu","embeddable":true,"href":"https:\/\/www.brusano.brussels\/nl\/wp-json\/wp\/v2\/actu?post=2567"},{"taxonomy":"maincat","embeddable":true,"href":"https:\/\/www.brusano.brussels\/nl\/wp-json\/wp\/v2\/maincat?post=2567"}],"curies":[{"name":"wp","href":"https:\/\/api.w.org\/{rel}","templated":true}]}}